{"id":360,"date":"2018-03-20T10:24:31","date_gmt":"2018-03-20T10:24:31","guid":{"rendered":"http:\/\/campinggranada.es\/?p=360"},"modified":"2018-03-20T10:24:31","modified_gmt":"2018-03-20T10:24:31","slug":"musique-et-danse-festival-international-de-grenade","status":"publish","type":"post","link":"https:\/\/campinggranada.es\/fr\/blog\/nouvelles\/musique-et-danse-festival-international-de-grenade\/","title":{"rendered":"MUSIQUE ET DANSE FESTIVAL INTERNATIONAL DE GRENADE"},"content":{"rendered":"<p>Du 17 Juin au 8 Juillet, sera le Festival 65 de Musique et de Danse de Grenade<\/p>\n<p>Dans sa programmation, son contenu et la fa\u00e7on de les exposer au public, le Festival International de Musique et de Danse de Grenade est un instrument vivant de la diversit\u00e9 culturelle, \u00e9ducative et socio-\u00e9conomique, dont le d\u00e9nominateur commun est l\u2019\u00e9motion.<\/p>\n<p>Emotion en partageant des projets artistiques d\u2019une qualit\u00e9 exceptionnelle, l\u2019excitation pour profiter des endroits les plus beaux et uniques de Grenade et de la province, de l\u2019\u00e9motion de d\u00e9couvrir que le sort Grenade offre une exp\u00e9rience unique du tourisme culturel<\/p>\n<p>Les nazaritas palais et les jardins de l\u2019Alhambra de Grenade anciens sont la meilleure carte de ce festival et d\u2019un cadre exceptionnel pour leurs activit\u00e9s.<\/p>\n","protected":false},"excerpt":{"rendered":"<p>Du 17 Juin au 8 Juillet, sera le Festival 65 de Musique et de Danse de Grenade Dans sa programmation, son contenu et la fa\u00e7on de les exposer au public, le Festival International de Musique et de Danse de Grenade est un instrument vivant de la diversit\u00e9 culturelle, \u00e9ducative et socio-\u00e9conomique, dont le d\u00e9nominateur commun [&hellip;]<\/p>\n","protected":false},"author":1,"featured_media":338,"comment_status":"open","ping_status":"open","sticky":false,"template":"","format":"standard","meta":{"ngg_post_thumbnail":0,"footnotes":""},"categories":[18],"tags":[],"class_list":["post-360","post","type-post","status-publish","format-standard","has-post-thumbnail","hentry","category-nouvelles"],"_links":{"self":[{"href":"https:\/\/campinggranada.es\/fr\/wp-json\/wp\/v2\/posts\/360","targetHints":{"allow":["GET"]}}],"collection":[{"href":"https:\/\/campinggranada.es\/fr\/wp-json\/wp\/v2\/posts"}],"about":[{"href":"https:\/\/campinggranada.es\/fr\/wp-json\/wp\/v2\/types\/post"}],"author":[{"embeddable":true,"href":"https:\/\/campinggranada.es\/fr\/wp-json\/wp\/v2\/users\/1"}],"replies":[{"embeddable":true,"href":"https:\/\/campinggranada.es\/fr\/wp-json\/wp\/v2\/comments?post=360"}],"version-history":[{"count":2,"href":"https:\/\/campinggranada.es\/fr\/wp-json\/wp\/v2\/posts\/360\/revisions"}],"predecessor-version":[{"id":362,"href":"https:\/\/campinggranada.es\/fr\/wp-json\/wp\/v2\/posts\/360\/revisions\/362"}],"wp:featuredmedia":[{"embeddable":true,"href":"https:\/\/campinggranada.es\/fr\/wp-json\/wp\/v2\/media\/338"}],"wp:attachment":[{"href":"https:\/\/campinggranada.es\/fr\/wp-json\/wp\/v2\/media?parent=360"}],"wp:term":[{"taxonomy":"category","embeddable":true,"href":"https:\/\/campinggranada.es\/fr\/wp-json\/wp\/v2\/categories?post=360"},{"taxonomy":"post_tag","embeddable":true,"href":"https:\/\/campinggranada.es\/fr\/wp-json\/wp\/v2\/tags?post=360"}],"curies":[{"name":"wp","href":"https:\/\/api.w.org\/{rel}","templated":true}]}}