{"id":374,"date":"2018-03-20T10:28:53","date_gmt":"2018-03-20T10:28:53","guid":{"rendered":"http:\/\/campinggranada.es\/?p=374"},"modified":"2018-03-20T10:28:53","modified_gmt":"2018-03-20T10:28:53","slug":"corpus-christi-fiera-in-granada","status":"publish","type":"post","link":"https:\/\/campinggranada.es\/it\/blog\/festa\/corpus-christi-fiera-in-granada\/","title":{"rendered":"CORPUS CHRISTI FIERA IN GRANADA"},"content":{"rendered":"<p>Corpus Fair \u00e8 la pi\u00f9 grande festa della citt\u00e0. Ogni anno, inizia il Sabato alle 12:00 con alumbrao, illuminazione di migliaia di lampadine in casa, e termina il Sabato successivo con uno spettacolo di fuochi d\u2019artificio.<\/p>\n<p>Granada odori Corpus e Corpus veste in questi giorni in cui una vasta gamma di eventi culturali, tra cui la corrida, il tempo condividere con le case ornate e altalene emozionante mostra.<\/p>\n<p>L\u2019atmosfera della fiera pu\u00f2 essere goduto sia di giorno che di notte. La passeggiata di eleganti carrozze carichi di persone vestite con i costumi tipici, atmosfera flamenco, cabine e tutte le guarnizioni cura per il dettaglio.<\/p>\n","protected":false},"excerpt":{"rendered":"<p>Corpus Fair \u00e8 la pi\u00f9 grande festa della citt\u00e0. Ogni anno, inizia il Sabato alle 12:00 con alumbrao, illuminazione di migliaia di lampadine in casa, e termina il Sabato successivo con uno spettacolo di fuochi d\u2019artificio. Granada odori Corpus e Corpus veste in questi giorni in cui una vasta gamma di eventi culturali, tra cui [&hellip;]<\/p>\n","protected":false},"author":1,"featured_media":335,"comment_status":"open","ping_status":"open","sticky":false,"template":"","format":"standard","meta":{"ngg_post_thumbnail":0,"footnotes":""},"categories":[14,19],"tags":[],"class_list":["post-374","post","type-post","status-publish","format-standard","has-post-thumbnail","hentry","category-festa","category-notizie"],"_links":{"self":[{"href":"https:\/\/campinggranada.es\/it\/wp-json\/wp\/v2\/posts\/374","targetHints":{"allow":["GET"]}}],"collection":[{"href":"https:\/\/campinggranada.es\/it\/wp-json\/wp\/v2\/posts"}],"about":[{"href":"https:\/\/campinggranada.es\/it\/wp-json\/wp\/v2\/types\/post"}],"author":[{"embeddable":true,"href":"https:\/\/campinggranada.es\/it\/wp-json\/wp\/v2\/users\/1"}],"replies":[{"embeddable":true,"href":"https:\/\/campinggranada.es\/it\/wp-json\/wp\/v2\/comments?post=374"}],"version-history":[{"count":1,"href":"https:\/\/campinggranada.es\/it\/wp-json\/wp\/v2\/posts\/374\/revisions"}],"predecessor-version":[{"id":375,"href":"https:\/\/campinggranada.es\/it\/wp-json\/wp\/v2\/posts\/374\/revisions\/375"}],"wp:featuredmedia":[{"embeddable":true,"href":"https:\/\/campinggranada.es\/it\/wp-json\/wp\/v2\/media\/335"}],"wp:attachment":[{"href":"https:\/\/campinggranada.es\/it\/wp-json\/wp\/v2\/media?parent=374"}],"wp:term":[{"taxonomy":"category","embeddable":true,"href":"https:\/\/campinggranada.es\/it\/wp-json\/wp\/v2\/categories?post=374"},{"taxonomy":"post_tag","embeddable":true,"href":"https:\/\/campinggranada.es\/it\/wp-json\/wp\/v2\/tags?post=374"}],"curies":[{"name":"wp","href":"https:\/\/api.w.org\/{rel}","templated":true}]}}